{"id":307,"date":"2026-08-14T10:54:54","date_gmt":"2026-08-14T10:54:54","guid":{"rendered":"https:\/\/fromista.com\/voluntariadoeuropeo\/?p=307"},"modified":"2026-08-14T11:33:20","modified_gmt":"2026-08-14T11:33:20","slug":"san-telmo-el-patron-de-fromista","status":"publish","type":"post","link":"https:\/\/fromista.com\/voluntariadoeuropeo\/san-telmo-el-patron-de-fromista\/","title":{"rendered":"San Telmo: El patr\u00f3n de Fr\u00f3mista"},"content":{"rendered":"\n<p>Una de las fiestas mas importantes de Fr\u00f3mista, es la fiesta de San Telmo y San Telmillo. San Telmo se considera el patr\u00f3n de Fr\u00f3mista , porque ha nacido en el pueblo. Los Fromiste\u00f1os tienen su \u00fanica y inolvidable manera para celebrar este d\u00eda. Las fiestas empiezan algunos d\u00edas mas pronto de la fiesta calendaria, con m\u00fasica, baile y buen humor. En la v\u00edspera del 13 de Abril, en Fr\u00f3mista hay la procesi\u00f3n c\u00edvica de Ole, que empieza a las 22.00, fuera de la iglesia de San Pedro, con la gente esperando la salida de la figura de San Telmo. Despu\u00e9s de la salida, la gente seguir a la estatua en todo el pueblo, cantando y bailando . La procesi\u00f3n termina a las 03.00 y en el d\u00eda siguiente, el 13 de Abril tiene lugar  la procesi\u00f3n religiosa de la estatua. Es una constante tradici\u00f3n de  que Fr\u00f3mista es conocida en toda la Castilla y Le\u00f3n. Obviamente, no podr\u00edamos perderse este evento. El baile, la m\u00fasica y unidad de esta fiesta, nos ha hecho sentirse como Fromiste\u00f1os originales. <\/p>\n\n\n\n<p>La semana siguiente de este d\u00eda es para preparar el fin de semana de San Telmillo. Este fin de semana en Fr\u00f3mista hay la carrera a que participan mil de personas de la provincia de Palencia y mas lejos&#8230; La carrera tiene uno buen prop\u00f3sito y se sigue de un sorteo y por supuesto una grande paella, en que participa todo el pueblo. Los participantes comen, beben y se unen mas. <\/p>\n\n\n\n<p>Seguro que es una de las mejores experiencias que he vivido aqu\u00ed en Fr\u00f3mista. Es un diamante cultural que une las personas y muestra el hospitalario y divertido lado de Fr\u00f3mista.<\/p>\n\n\n\n<p><\/p>\n","protected":false},"excerpt":{"rendered":"<p>Una de las fiestas mas importantes de Fr\u00f3mista, es la fiesta de San Telmo y San Telmillo. San Telmo se considera el patr\u00f3n de Fr\u00f3mista , porque ha nacido en el pueblo. Los Fromiste\u00f1os tienen su \u00fanica y inolvidable manera para celebrar este d\u00eda. Las fiestas empiezan algunos d\u00edas mas pronto de la fiesta calendaria, [&hellip;]<\/p>\n","protected":false},"author":2,"featured_media":0,"comment_status":"open","ping_status":"open","sticky":false,"template":"blank","format":"standard","meta":{"footnotes":""},"categories":[1],"tags":[],"class_list":["post-307","post","type-post","status-publish","format-standard","hentry","category-blog"],"_links":{"self":[{"href":"https:\/\/fromista.com\/voluntariadoeuropeo\/wp-json\/wp\/v2\/posts\/307","targetHints":{"allow":["GET"]}}],"collection":[{"href":"https:\/\/fromista.com\/voluntariadoeuropeo\/wp-json\/wp\/v2\/posts"}],"about":[{"href":"https:\/\/fromista.com\/voluntariadoeuropeo\/wp-json\/wp\/v2\/types\/post"}],"author":[{"embeddable":true,"href":"https:\/\/fromista.com\/voluntariadoeuropeo\/wp-json\/wp\/v2\/users\/2"}],"replies":[{"embeddable":true,"href":"https:\/\/fromista.com\/voluntariadoeuropeo\/wp-json\/wp\/v2\/comments?post=307"}],"version-history":[{"count":2,"href":"https:\/\/fromista.com\/voluntariadoeuropeo\/wp-json\/wp\/v2\/posts\/307\/revisions"}],"predecessor-version":[{"id":310,"href":"https:\/\/fromista.com\/voluntariadoeuropeo\/wp-json\/wp\/v2\/posts\/307\/revisions\/310"}],"wp:attachment":[{"href":"https:\/\/fromista.com\/voluntariadoeuropeo\/wp-json\/wp\/v2\/media?parent=307"}],"wp:term":[{"taxonomy":"category","embeddable":true,"href":"https:\/\/fromista.com\/voluntariadoeuropeo\/wp-json\/wp\/v2\/categories?post=307"},{"taxonomy":"post_tag","embeddable":true,"href":"https:\/\/fromista.com\/voluntariadoeuropeo\/wp-json\/wp\/v2\/tags?post=307"}],"curies":[{"name":"wp","href":"https:\/\/api.w.org\/{rel}","templated":true}]}}