{"id":311,"date":"2026-08-14T11:32:27","date_gmt":"2026-08-14T11:32:27","guid":{"rendered":"https:\/\/fromista.com\/voluntariadoeuropeo\/?p=311"},"modified":"2026-08-14T11:32:27","modified_gmt":"2026-08-14T11:32:27","slug":"un-dia-repleto-de-colores","status":"publish","type":"post","link":"https:\/\/fromista.com\/voluntariadoeuropeo\/un-dia-repleto-de-colores\/","title":{"rendered":"Un d\u00eda repleto de colores"},"content":{"rendered":"\n<p>En el 4 de Junio se celebra en toda la Espa\u00f1a la fiesta del Corpus Christi, una de las mas grandes celebraciones cat\u00f3licas, cuando se celebra el Regalo del Cristo al mundo, el Cuerpo y la Sangre que es el pan y el vino que recibimos en la Eucarist\u00eda. <\/p>\n\n\n\n<p>Hoy en d\u00eda, en Espa\u00f1a se celebra con la mejor manera posible. Las calles de las ciudades se llenan con &#8220;alfombras&#8221; de flores, pintando todos los sitios y llenando las calles con arte y belleza.<\/p>\n\n\n\n<p>En Fr\u00f3mista tambi\u00e9n, el Corpus se celebra con la gente que madruga para decorar las valles mayores y las plazas, de donde pasa la procesi\u00f3n. Por supuesto, los voluntarios no podr\u00edamos pedir esta fiesta. Aprovechando los diferentes pa\u00edses del nuestro origen, pintamos las banderas de nuestros pa\u00edses y la bandera del Uni\u00f3n Europeo con el texto &#8220;Cuerpo Europeo de Solidaridad&#8221;, el nombre del programa gracias al que, estamos aqu\u00ed, Las banderas acabaron ser muy bonita, pero mas bonita ser\u00eda la procesi\u00f3n religiosa, con m\u00fasica y baile y con la gente aprovechar la fiesta y el buen tiempo para pasar el d\u00eda con su familia y sus amigos.<\/p>\n\n\n\n<p><\/p>\n","protected":false},"excerpt":{"rendered":"<p>En el 4 de Junio se celebra en toda la Espa\u00f1a la fiesta del Corpus Christi, una de las mas grandes celebraciones cat\u00f3licas, cuando se celebra el Regalo del Cristo al mundo, el Cuerpo y la Sangre que es el pan y el vino que recibimos en la Eucarist\u00eda. Hoy en d\u00eda, en Espa\u00f1a se [&hellip;]<\/p>\n","protected":false},"author":2,"featured_media":0,"comment_status":"open","ping_status":"open","sticky":false,"template":"blank","format":"standard","meta":{"footnotes":""},"categories":[1],"tags":[],"class_list":["post-311","post","type-post","status-publish","format-standard","hentry","category-blog"],"_links":{"self":[{"href":"https:\/\/fromista.com\/voluntariadoeuropeo\/wp-json\/wp\/v2\/posts\/311","targetHints":{"allow":["GET"]}}],"collection":[{"href":"https:\/\/fromista.com\/voluntariadoeuropeo\/wp-json\/wp\/v2\/posts"}],"about":[{"href":"https:\/\/fromista.com\/voluntariadoeuropeo\/wp-json\/wp\/v2\/types\/post"}],"author":[{"embeddable":true,"href":"https:\/\/fromista.com\/voluntariadoeuropeo\/wp-json\/wp\/v2\/users\/2"}],"replies":[{"embeddable":true,"href":"https:\/\/fromista.com\/voluntariadoeuropeo\/wp-json\/wp\/v2\/comments?post=311"}],"version-history":[{"count":1,"href":"https:\/\/fromista.com\/voluntariadoeuropeo\/wp-json\/wp\/v2\/posts\/311\/revisions"}],"predecessor-version":[{"id":312,"href":"https:\/\/fromista.com\/voluntariadoeuropeo\/wp-json\/wp\/v2\/posts\/311\/revisions\/312"}],"wp:attachment":[{"href":"https:\/\/fromista.com\/voluntariadoeuropeo\/wp-json\/wp\/v2\/media?parent=311"}],"wp:term":[{"taxonomy":"category","embeddable":true,"href":"https:\/\/fromista.com\/voluntariadoeuropeo\/wp-json\/wp\/v2\/categories?post=311"},{"taxonomy":"post_tag","embeddable":true,"href":"https:\/\/fromista.com\/voluntariadoeuropeo\/wp-json\/wp\/v2\/tags?post=311"}],"curies":[{"name":"wp","href":"https:\/\/api.w.org\/{rel}","templated":true}]}}