{"id":316,"date":"2026-08-18T11:52:10","date_gmt":"2026-08-18T11:52:10","guid":{"rendered":"https:\/\/fromista.com\/voluntariadoeuropeo\/?p=316"},"modified":"2026-08-18T11:52:10","modified_gmt":"2026-08-18T11:52:10","slug":"el-dia-que-miramos-al-cielo","status":"publish","type":"post","link":"https:\/\/fromista.com\/voluntariadoeuropeo\/el-dia-que-miramos-al-cielo\/","title":{"rendered":"El d\u00eda que miramos al cielo"},"content":{"rendered":"\n<p>Algo que siempre quer\u00eda ver en vida era el eclipse del sol, un fen\u00f3meno que desde era peque\u00f1a me llama la atenci\u00f3n. Entonces, no puedo describir mi suerte y alegr\u00eda que estar en Fr\u00f3mista el a\u00f1o del eclipse total. Fr\u00f3mista es un lugar donde todos los fen\u00f3menos astron\u00f3micos son visibles. Especialmente, este eclipse ten\u00eda su l\u00ednea de centralidad no estaba muy lejos, mas o menos 15 kil\u00f3metros del nuestro pueblo. Cuando la fecha del eclipse se acercar\u00eda, gente de todo el mundo vinieron a Fr\u00f3mista para admirar este suceso. El Ayuntamiento hab\u00eda anunciado la mejora localizaci\u00f3n para ver el eclipse, algunos 20 minutos andando desde la plaza mayor. Llegamos a la tierra a las19.20, con todo el mundo estando aqu\u00ed, cubrimos el suelo con una manta de picnic, y empezamos disfrutando la tarde. A las 19.34 empez\u00f3 el eclipse. A las 20.29 ten\u00edamos la oportunidad vivir uno de los fen\u00f3menos mas raros del sistema solar, un eclipse total, que se realiza cada 50-80 a\u00f1os. El cielo oscureci\u00f3 por uno minuto y medio y despu\u00e9s vivimos el amanecer por la segunda vez en un d\u00eda. Era una experiencia inolvidable! El sol y la luna , la estrella del nuestro sistema solar y el sat\u00e9lite de la Tierra &#8220;jugando&#8221; en el cielo con todas las personas ser espectadoras. Es seguramente un fen\u00f3meno que te deja sin palabras y te hace darse cuenta de est\u00e1s muy peque\u00f1o enfrente del sistema solar. Otra \u00fanica experiencia que ten\u00eda la suerte vivir aqu\u00ed en Fr\u00f3mista.<\/p>\n","protected":false},"excerpt":{"rendered":"<p>Algo que siempre quer\u00eda ver en vida era el eclipse del sol, un fen\u00f3meno que desde era peque\u00f1a me llama la atenci\u00f3n. Entonces, no puedo describir mi suerte y alegr\u00eda que estar en Fr\u00f3mista el a\u00f1o del eclipse total. Fr\u00f3mista es un lugar donde todos los fen\u00f3menos astron\u00f3micos son visibles. Especialmente, este eclipse ten\u00eda su [&hellip;]<\/p>\n","protected":false},"author":2,"featured_media":0,"comment_status":"open","ping_status":"open","sticky":false,"template":"blank","format":"standard","meta":{"footnotes":""},"categories":[1],"tags":[],"class_list":["post-316","post","type-post","status-publish","format-standard","hentry","category-blog"],"_links":{"self":[{"href":"https:\/\/fromista.com\/voluntariadoeuropeo\/wp-json\/wp\/v2\/posts\/316","targetHints":{"allow":["GET"]}}],"collection":[{"href":"https:\/\/fromista.com\/voluntariadoeuropeo\/wp-json\/wp\/v2\/posts"}],"about":[{"href":"https:\/\/fromista.com\/voluntariadoeuropeo\/wp-json\/wp\/v2\/types\/post"}],"author":[{"embeddable":true,"href":"https:\/\/fromista.com\/voluntariadoeuropeo\/wp-json\/wp\/v2\/users\/2"}],"replies":[{"embeddable":true,"href":"https:\/\/fromista.com\/voluntariadoeuropeo\/wp-json\/wp\/v2\/comments?post=316"}],"version-history":[{"count":1,"href":"https:\/\/fromista.com\/voluntariadoeuropeo\/wp-json\/wp\/v2\/posts\/316\/revisions"}],"predecessor-version":[{"id":317,"href":"https:\/\/fromista.com\/voluntariadoeuropeo\/wp-json\/wp\/v2\/posts\/316\/revisions\/317"}],"wp:attachment":[{"href":"https:\/\/fromista.com\/voluntariadoeuropeo\/wp-json\/wp\/v2\/media?parent=316"}],"wp:term":[{"taxonomy":"category","embeddable":true,"href":"https:\/\/fromista.com\/voluntariadoeuropeo\/wp-json\/wp\/v2\/categories?post=316"},{"taxonomy":"post_tag","embeddable":true,"href":"https:\/\/fromista.com\/voluntariadoeuropeo\/wp-json\/wp\/v2\/tags?post=316"}],"curies":[{"name":"wp","href":"https:\/\/api.w.org\/{rel}","templated":true}]}}